{"id":2105,"date":"2021-10-24T09:15:38","date_gmt":"2021-10-24T12:15:38","guid":{"rendered":"http:\/\/www.lagatasibilah.com\/?p=2105"},"modified":"2021-10-24T09:15:38","modified_gmt":"2021-10-24T12:15:38","slug":"24-de-octubre-dia-internacional-de-las-bibliotecas","status":"publish","type":"post","link":"https:\/\/www.lagatasibilah.com\/index.php\/2021\/10\/24\/24-de-octubre-dia-internacional-de-las-bibliotecas\/","title":{"rendered":"24 de octubre: D\u00eda Internacional de las Bibliotecas"},"content":{"rendered":"<p><strong>Como todos los a\u00f1os, cada 24 de octubre, se celebra el D\u00eda Internacional de las Bibliotecas\u00a0en la mayor\u00eda de los pa\u00edses con el prop\u00f3sito de destacar la importancia de contar con este\u00a0servicio p\u00fablico\u00a0para el acceso al conocimiento y a la cultura de todos los sectores sociales. Pero, \u00bfpor qu\u00e9 lo celebramos esta fecha?<\/strong><\/p>\n<p>El\u00a0<strong>D\u00eda Internacional de las Bibliotecas<\/strong>\u00a0se celebra desde 1997, por iniciativa de la Asociaci\u00f3n Espa\u00f1ola de Amigos del Libro Infantil y Juvenil con el apoyo del Ministerio de Cultura, con el objetivo de conmemorar la destrucci\u00f3n de la Biblioteca de Sarajevo, Bosnia, incendiada durante la guerra de los Balcanes en 1992.<\/p>\n<p>Durante la jornada, se realizan diversas actividades en\u00a0todo el mundo\u00a0para reunir a miles de lectores.<\/p>\n<p>El sitio web del Ayuntamiento de Sarajevo, tambi\u00e9n conocido como Vije\u0107nica, explica que en tan solo una noche, del\u00a0<strong>25 al 26 de agosto de 1992<\/strong>\u00a0el edificio fue alcanzado e incendiado por proyectiles. Se trata del m\u00e1s grande y valioso monumento cultural que representa el per\u00edodo austroh\u00fangaro en Sarajevo, que termin\u00f3 de construirse en 1894.<\/p>\n<p>Se estima que\u00a0<strong>se incendi\u00f3 alrededor del 80 % de la colecci\u00f3n total de la biblioteca<\/strong>: dos millones de libros, art\u00edculos y revistas. Adem\u00e1s, la estructura edilicia tambi\u00e9n sufri\u00f3 da\u00f1os por los impactos directos de los proyectiles de artiller\u00eda.<\/p>\n<p>El incendio destruy\u00f3 centenares de miles de libros, entre ellos varios que hab\u00edan sido impresos antes del a\u00f1o 1500. Muchos pudieron ser salvados gracias a los empleados de la biblioteca, que arriesgaron sus vidas y se encargaron de arrojar los libros por las ventanas.<\/p>\n<p>En 1997, en memoria de este acontecimiento,<strong>\u00a0la UNESCO declar\u00f3 oficialmente el 24 de octubre como fecha para celebrar el D\u00eda Internacional de las Bibliotecas<\/strong>. Durante 18 a\u00f1os, gracias a los aportes de la Uni\u00f3n Europea y el gobierno de Qatar, la Bibllioteca de Sarajevo fue reconstru\u00edda y, en 2014, reinaugurada.<\/p>\n","protected":false},"excerpt":{"rendered":"<p>Como todos los a\u00f1os, cada 24 de octubre, se celebra el D\u00eda Internacional de las Bibliotecas\u00a0en la mayor\u00eda de los pa\u00edses con el prop\u00f3sito de destacar la importancia de contar con este\u00a0servicio p\u00fablico\u00a0para el acceso al conocimiento y a la cultura de todos los sectores sociales. Pero, \u00bfpor qu\u00e9 lo celebramos esta fecha? El\u00a0D\u00eda Internacional de las Bibliotecas\u00a0se celebra desde 1997, por iniciativa de la Asociaci\u00f3n Espa\u00f1ola de Amigos del Libro Infantil y Juvenil con&hellip;<\/p>\n","protected":false},"author":1,"featured_media":2106,"comment_status":"open","ping_status":"open","sticky":false,"template":"","format":"standard","meta":{"_acf_changed":false,"_jetpack_memberships_contains_paid_content":false,"footnotes":""},"categories":[70],"tags":[],"class_list":["post-2105","post","type-post","status-publish","format-standard","has-post-thumbnail","hentry","category-efemerides"],"acf":[],"jetpack_featured_media_url":"https:\/\/www.lagatasibilah.com\/wp-content\/uploads\/2021\/10\/Bibliotecas.jpeg","jetpack_sharing_enabled":true,"_links":{"self":[{"href":"https:\/\/www.lagatasibilah.com\/index.php\/wp-json\/wp\/v2\/posts\/2105","targetHints":{"allow":["GET"]}}],"collection":[{"href":"https:\/\/www.lagatasibilah.com\/index.php\/wp-json\/wp\/v2\/posts"}],"about":[{"href":"https:\/\/www.lagatasibilah.com\/index.php\/wp-json\/wp\/v2\/types\/post"}],"author":[{"embeddable":true,"href":"https:\/\/www.lagatasibilah.com\/index.php\/wp-json\/wp\/v2\/users\/1"}],"replies":[{"embeddable":true,"href":"https:\/\/www.lagatasibilah.com\/index.php\/wp-json\/wp\/v2\/comments?post=2105"}],"version-history":[{"count":1,"href":"https:\/\/www.lagatasibilah.com\/index.php\/wp-json\/wp\/v2\/posts\/2105\/revisions"}],"predecessor-version":[{"id":2107,"href":"https:\/\/www.lagatasibilah.com\/index.php\/wp-json\/wp\/v2\/posts\/2105\/revisions\/2107"}],"wp:featuredmedia":[{"embeddable":true,"href":"https:\/\/www.lagatasibilah.com\/index.php\/wp-json\/wp\/v2\/media\/2106"}],"wp:attachment":[{"href":"https:\/\/www.lagatasibilah.com\/index.php\/wp-json\/wp\/v2\/media?parent=2105"}],"wp:term":[{"taxonomy":"category","embeddable":true,"href":"https:\/\/www.lagatasibilah.com\/index.php\/wp-json\/wp\/v2\/categories?post=2105"},{"taxonomy":"post_tag","embeddable":true,"href":"https:\/\/www.lagatasibilah.com\/index.php\/wp-json\/wp\/v2\/tags?post=2105"}],"curies":[{"name":"wp","href":"https:\/\/api.w.org\/{rel}","templated":true}]}}